{"id":1948,"date":"2022-10-16T21:26:44","date_gmt":"2022-10-16T19:26:44","guid":{"rendered":"https:\/\/www.everpharma.com\/ger\/?p=1948"},"modified":"2022-11-15T21:27:28","modified_gmt":"2022-11-15T19:27:28","slug":"weltanaesthesietag-2022","status":"publish","type":"post","link":"https:\/\/www.everpharma.com\/ger\/weltanaesthesietag-2022\/","title":{"rendered":"Weltan\u00e4sthesietag 2022"},"content":{"rendered":"\n<figure class=\"wp-block-image size-large is-resized\"><img loading=\"lazy\" decoding=\"async\" src=\"https:\/\/www.everpharma.com\/ger\/wp-content\/uploads\/sites\/4\/2022\/11\/119.post_20221007_online-Banner_post_840x440_Weltana\u0308sthesietag2022_LinkedIn-1024x537.jpg\" alt=\"\" class=\"wp-image-1950\" width=\"1106\" height=\"580\" srcset=\"https:\/\/www.everpharma.com\/ger\/wp-content\/uploads\/sites\/4\/2022\/11\/119.post_20221007_online-Banner_post_840x440_Weltana\u0308sthesietag2022_LinkedIn-1024x537.jpg 1024w, https:\/\/www.everpharma.com\/ger\/wp-content\/uploads\/sites\/4\/2022\/11\/119.post_20221007_online-Banner_post_840x440_Weltana\u0308sthesietag2022_LinkedIn-300x157.jpg 300w, https:\/\/www.everpharma.com\/ger\/wp-content\/uploads\/sites\/4\/2022\/11\/119.post_20221007_online-Banner_post_840x440_Weltana\u0308sthesietag2022_LinkedIn-768x402.jpg 768w, https:\/\/www.everpharma.com\/ger\/wp-content\/uploads\/sites\/4\/2022\/11\/119.post_20221007_online-Banner_post_840x440_Weltana\u0308sthesietag2022_LinkedIn-1536x805.jpg 1536w, https:\/\/www.everpharma.com\/ger\/wp-content\/uploads\/sites\/4\/2022\/11\/119.post_20221007_online-Banner_post_840x440_Weltana\u0308sthesietag2022_LinkedIn.jpg 1750w\" sizes=\"auto, (max-width: 1106px) 100vw, 1106px\" \/><\/figure>\n\n\n\n<div style=\"height:40px\" aria-hidden=\"true\" class=\"wp-block-spacer\"><\/div>\n\n\n\n<p><strong><strong><strong><strong><strong><strong><strong>Sichere An\u00e4sthesiologie.<\/strong> <\/strong><\/strong><\/strong><\/strong><\/strong><\/strong>Am 16.10.1846 gelang William T. G. Morton in den USA die weltweit erste \u00c4ther-Inhalationsan\u00e4sthesie an einem Patienten. Dies zum Anlass wird j\u00e4hrlich am 16. Oktober das breite Aufgabenspektrum der An\u00e4sthesisten verst\u00e4rkt in die \u00d6ffentlichkeit getragen, um zum Thema An\u00e4sthesiologie in Dialog zu treten. Die EVER Pharma GmbH unterst\u00fctzt eine sichere Versorgung von Beatmungspatienten w\u00e4hrend der Narkose durch wichtige sedierende Medikamente mit k\u00fcrzeren Extubationszeiten, die das Risiko einer Atemdepression minimieren.<\/p>\n\n\n\n<p><\/p>\n\n\n\n<div style=\"height:80px\" aria-hidden=\"true\" class=\"wp-block-spacer\"><\/div>\n","protected":false},"excerpt":{"rendered":"<p>Sichere An\u00e4sthesiologie. Am 16.10.1846 gelang William T. G. Morton in den USA die weltweit erste \u00c4ther-Inhalationsan\u00e4sthesie an einem Patienten. Dies zum Anlass wird j\u00e4hrlich am 16. Oktober das breite Aufgabenspektrum der An\u00e4sthesisten verst\u00e4rkt in die \u00d6ffentlichkeit getragen, um zum Thema An\u00e4sthesiologie in Dialog zu treten. Die EVER Pharma GmbH unterst\u00fctzt eine sichere Versorgung von Beatmungspatienten &hellip; <a href=\"https:\/\/www.everpharma.com\/ger\/weltanaesthesietag-2022\/\">Continued<\/a><\/p>\n","protected":false},"author":22,"featured_media":0,"comment_status":"closed","ping_status":"closed","sticky":false,"template":"","format":"standard","meta":{"_acf_changed":false,"footnotes":""},"categories":[20],"tags":[],"class_list":["post-1948","post","type-post","status-publish","format-standard","hentry","category-social-media-beitrag"],"yoast_head":"<!-- This site is optimized with the Yoast SEO plugin v27.4 - https:\/\/yoast.com\/product\/yoast-seo-wordpress\/ -->\n<title>Weltan\u00e4sthesietag 2022 - EVER Pharma Germany<\/title>\n<meta name=\"robots\" content=\"index, follow, max-snippet:-1, max-image-preview:large, max-video-preview:-1\" \/>\n<link rel=\"canonical\" href=\"https:\/\/www.everpharma.com\/ger\/weltanaesthesietag-2022\/\" \/>\n<meta property=\"og:locale\" content=\"de_DE\" \/>\n<meta property=\"og:type\" content=\"article\" \/>\n<meta property=\"og:title\" content=\"Weltan\u00e4sthesietag 2022 - EVER Pharma Germany\" \/>\n<meta property=\"og:description\" content=\"Sichere An\u00e4sthesiologie. Am 16.10.1846 gelang William T. G. Morton in den USA die weltweit erste \u00c4ther-Inhalationsan\u00e4sthesie an einem Patienten. Dies zum Anlass wird j\u00e4hrlich am 16. Oktober das breite Aufgabenspektrum der An\u00e4sthesisten verst\u00e4rkt in die \u00d6ffentlichkeit getragen, um zum Thema An\u00e4sthesiologie in Dialog zu treten. Die EVER Pharma GmbH unterst\u00fctzt eine sichere Versorgung von Beatmungspatienten &hellip; Continued\" \/>\n<meta property=\"og:url\" content=\"https:\/\/www.everpharma.com\/ger\/weltanaesthesietag-2022\/\" \/>\n<meta property=\"og:site_name\" content=\"EVER Pharma Germany\" \/>\n<meta property=\"article:published_time\" content=\"2022-10-16T19:26:44+00:00\" \/>\n<meta property=\"article:modified_time\" content=\"2022-11-15T19:27:28+00:00\" \/>\n<meta name=\"author\" content=\"steffenschubert\" \/>\n<meta name=\"twitter:card\" content=\"summary_large_image\" \/>\n<meta name=\"twitter:label1\" content=\"Verfasst von\" \/>\n\t<meta name=\"twitter:data1\" content=\"steffenschubert\" \/>\n<script type=\"application\/ld+json\" class=\"yoast-schema-graph\">{\"@context\":\"https:\\\/\\\/schema.org\",\"@graph\":[{\"@type\":\"Article\",\"@id\":\"https:\\\/\\\/www.everpharma.com\\\/ger\\\/weltanaesthesietag-2022\\\/#article\",\"isPartOf\":{\"@id\":\"https:\\\/\\\/www.everpharma.com\\\/ger\\\/weltanaesthesietag-2022\\\/\"},\"author\":{\"name\":\"steffenschubert\",\"@id\":\"https:\\\/\\\/www.everpharma.com\\\/ger\\\/#\\\/schema\\\/person\\\/697daadfc8e5395236fce7cc71a60bd3\"},\"headline\":\"Weltan\u00e4sthesietag 2022\",\"datePublished\":\"2022-10-16T19:26:44+00:00\",\"dateModified\":\"2022-11-15T19:27:28+00:00\",\"mainEntityOfPage\":{\"@id\":\"https:\\\/\\\/www.everpharma.com\\\/ger\\\/weltanaesthesietag-2022\\\/\"},\"wordCount\":80,\"articleSection\":[\"Social Media Beitrag\"],\"inLanguage\":\"de\"},{\"@type\":\"WebPage\",\"@id\":\"https:\\\/\\\/www.everpharma.com\\\/ger\\\/weltanaesthesietag-2022\\\/\",\"url\":\"https:\\\/\\\/www.everpharma.com\\\/ger\\\/weltanaesthesietag-2022\\\/\",\"name\":\"Weltan\u00e4sthesietag 2022 - EVER Pharma Germany\",\"isPartOf\":{\"@id\":\"https:\\\/\\\/www.everpharma.com\\\/ger\\\/#website\"},\"datePublished\":\"2022-10-16T19:26:44+00:00\",\"dateModified\":\"2022-11-15T19:27:28+00:00\",\"author\":{\"@id\":\"https:\\\/\\\/www.everpharma.com\\\/ger\\\/#\\\/schema\\\/person\\\/697daadfc8e5395236fce7cc71a60bd3\"},\"breadcrumb\":{\"@id\":\"https:\\\/\\\/www.everpharma.com\\\/ger\\\/weltanaesthesietag-2022\\\/#breadcrumb\"},\"inLanguage\":\"de\",\"potentialAction\":[{\"@type\":\"ReadAction\",\"target\":[\"https:\\\/\\\/www.everpharma.com\\\/ger\\\/weltanaesthesietag-2022\\\/\"]}]},{\"@type\":\"BreadcrumbList\",\"@id\":\"https:\\\/\\\/www.everpharma.com\\\/ger\\\/weltanaesthesietag-2022\\\/#breadcrumb\",\"itemListElement\":[{\"@type\":\"ListItem\",\"position\":1,\"name\":\"Startseite\",\"item\":\"https:\\\/\\\/www.everpharma.com\\\/ger\\\/\"},{\"@type\":\"ListItem\",\"position\":2,\"name\":\"Weltan\u00e4sthesietag 2022\"}]},{\"@type\":\"WebSite\",\"@id\":\"https:\\\/\\\/www.everpharma.com\\\/ger\\\/#website\",\"url\":\"https:\\\/\\\/www.everpharma.com\\\/ger\\\/\",\"name\":\"EVER Pharma Germany\",\"description\":\"Der Gesundheit verpflichtet.\",\"potentialAction\":[{\"@type\":\"SearchAction\",\"target\":{\"@type\":\"EntryPoint\",\"urlTemplate\":\"https:\\\/\\\/www.everpharma.com\\\/ger\\\/?s={search_term_string}\"},\"query-input\":{\"@type\":\"PropertyValueSpecification\",\"valueRequired\":true,\"valueName\":\"search_term_string\"}}],\"inLanguage\":\"de\"},{\"@type\":\"Person\",\"@id\":\"https:\\\/\\\/www.everpharma.com\\\/ger\\\/#\\\/schema\\\/person\\\/697daadfc8e5395236fce7cc71a60bd3\",\"name\":\"steffenschubert\",\"url\":\"https:\\\/\\\/www.everpharma.com\\\/ger\\\/author\\\/steffenschubert\\\/\"}]}<\/script>\n<!-- \/ Yoast SEO plugin. -->","yoast_head_json":{"title":"Weltan\u00e4sthesietag 2022 - EVER Pharma Germany","robots":{"index":"index","follow":"follow","max-snippet":"max-snippet:-1","max-image-preview":"max-image-preview:large","max-video-preview":"max-video-preview:-1"},"canonical":"https:\/\/www.everpharma.com\/ger\/weltanaesthesietag-2022\/","og_locale":"de_DE","og_type":"article","og_title":"Weltan\u00e4sthesietag 2022 - EVER Pharma Germany","og_description":"Sichere An\u00e4sthesiologie. Am 16.10.1846 gelang William T. G. Morton in den USA die weltweit erste \u00c4ther-Inhalationsan\u00e4sthesie an einem Patienten. Dies zum Anlass wird j\u00e4hrlich am 16. Oktober das breite Aufgabenspektrum der An\u00e4sthesisten verst\u00e4rkt in die \u00d6ffentlichkeit getragen, um zum Thema An\u00e4sthesiologie in Dialog zu treten. Die EVER Pharma GmbH unterst\u00fctzt eine sichere Versorgung von Beatmungspatienten &hellip; Continued","og_url":"https:\/\/www.everpharma.com\/ger\/weltanaesthesietag-2022\/","og_site_name":"EVER Pharma Germany","article_published_time":"2022-10-16T19:26:44+00:00","article_modified_time":"2022-11-15T19:27:28+00:00","author":"steffenschubert","twitter_card":"summary_large_image","twitter_misc":{"Verfasst von":"steffenschubert"},"schema":{"@context":"https:\/\/schema.org","@graph":[{"@type":"Article","@id":"https:\/\/www.everpharma.com\/ger\/weltanaesthesietag-2022\/#article","isPartOf":{"@id":"https:\/\/www.everpharma.com\/ger\/weltanaesthesietag-2022\/"},"author":{"name":"steffenschubert","@id":"https:\/\/www.everpharma.com\/ger\/#\/schema\/person\/697daadfc8e5395236fce7cc71a60bd3"},"headline":"Weltan\u00e4sthesietag 2022","datePublished":"2022-10-16T19:26:44+00:00","dateModified":"2022-11-15T19:27:28+00:00","mainEntityOfPage":{"@id":"https:\/\/www.everpharma.com\/ger\/weltanaesthesietag-2022\/"},"wordCount":80,"articleSection":["Social Media Beitrag"],"inLanguage":"de"},{"@type":"WebPage","@id":"https:\/\/www.everpharma.com\/ger\/weltanaesthesietag-2022\/","url":"https:\/\/www.everpharma.com\/ger\/weltanaesthesietag-2022\/","name":"Weltan\u00e4sthesietag 2022 - EVER Pharma Germany","isPartOf":{"@id":"https:\/\/www.everpharma.com\/ger\/#website"},"datePublished":"2022-10-16T19:26:44+00:00","dateModified":"2022-11-15T19:27:28+00:00","author":{"@id":"https:\/\/www.everpharma.com\/ger\/#\/schema\/person\/697daadfc8e5395236fce7cc71a60bd3"},"breadcrumb":{"@id":"https:\/\/www.everpharma.com\/ger\/weltanaesthesietag-2022\/#breadcrumb"},"inLanguage":"de","potentialAction":[{"@type":"ReadAction","target":["https:\/\/www.everpharma.com\/ger\/weltanaesthesietag-2022\/"]}]},{"@type":"BreadcrumbList","@id":"https:\/\/www.everpharma.com\/ger\/weltanaesthesietag-2022\/#breadcrumb","itemListElement":[{"@type":"ListItem","position":1,"name":"Startseite","item":"https:\/\/www.everpharma.com\/ger\/"},{"@type":"ListItem","position":2,"name":"Weltan\u00e4sthesietag 2022"}]},{"@type":"WebSite","@id":"https:\/\/www.everpharma.com\/ger\/#website","url":"https:\/\/www.everpharma.com\/ger\/","name":"EVER Pharma Germany","description":"Der Gesundheit verpflichtet.","potentialAction":[{"@type":"SearchAction","target":{"@type":"EntryPoint","urlTemplate":"https:\/\/www.everpharma.com\/ger\/?s={search_term_string}"},"query-input":{"@type":"PropertyValueSpecification","valueRequired":true,"valueName":"search_term_string"}}],"inLanguage":"de"},{"@type":"Person","@id":"https:\/\/www.everpharma.com\/ger\/#\/schema\/person\/697daadfc8e5395236fce7cc71a60bd3","name":"steffenschubert","url":"https:\/\/www.everpharma.com\/ger\/author\/steffenschubert\/"}]}},"acf":[],"_links":{"self":[{"href":"https:\/\/www.everpharma.com\/ger\/wp-json\/wp\/v2\/posts\/1948","targetHints":{"allow":["GET"]}}],"collection":[{"href":"https:\/\/www.everpharma.com\/ger\/wp-json\/wp\/v2\/posts"}],"about":[{"href":"https:\/\/www.everpharma.com\/ger\/wp-json\/wp\/v2\/types\/post"}],"author":[{"embeddable":true,"href":"https:\/\/www.everpharma.com\/ger\/wp-json\/wp\/v2\/users\/22"}],"replies":[{"embeddable":true,"href":"https:\/\/www.everpharma.com\/ger\/wp-json\/wp\/v2\/comments?post=1948"}],"version-history":[{"count":2,"href":"https:\/\/www.everpharma.com\/ger\/wp-json\/wp\/v2\/posts\/1948\/revisions"}],"predecessor-version":[{"id":1951,"href":"https:\/\/www.everpharma.com\/ger\/wp-json\/wp\/v2\/posts\/1948\/revisions\/1951"}],"wp:attachment":[{"href":"https:\/\/www.everpharma.com\/ger\/wp-json\/wp\/v2\/media?parent=1948"}],"wp:term":[{"taxonomy":"category","embeddable":true,"href":"https:\/\/www.everpharma.com\/ger\/wp-json\/wp\/v2\/categories?post=1948"},{"taxonomy":"post_tag","embeddable":true,"href":"https:\/\/www.everpharma.com\/ger\/wp-json\/wp\/v2\/tags?post=1948"}],"curies":[{"name":"wp","href":"https:\/\/api.w.org\/{rel}","templated":true}]}}