{"id":1277,"date":"2021-02-17T17:01:00","date_gmt":"2021-02-17T15:01:00","guid":{"rendered":"https:\/\/www.everpharma.com\/ger\/?p=1277"},"modified":"2021-09-05T17:02:21","modified_gmt":"2021-09-05T15:02:21","slug":"kongress-parkinson-symposium-online-save-the-date","status":"publish","type":"post","link":"https:\/\/www.everpharma.com\/ger\/kongress-parkinson-symposium-online-save-the-date\/","title":{"rendered":"Kongress Parkinson Symposium online \u2013 Save the Date"},"content":{"rendered":"\n<p><strong><strong>Highlights digital!<\/strong><\/strong><\/p>\n\n\n\n<p>EVER Pharma GmbH, Ihr Pharmaspezialist im Bereich Neurologie, l\u00e4dt Sie herzlich zum Symposium: \u201eAPOMORPHIN THERAPIE 2021 \u2013 NEU DENKEN\u201c am 04. M\u00e4rz 2021 zwischen 19:00 \u2013 20:00 Uhr ein. Informieren Sie sich im Rahmen des Deutschen Kongresses f\u00fcr Parkinson und Bewegungsst\u00f6rungen \u00fcber patientenorientierte Therapieoptionen.<\/p>\n\n\n\n<div style=\"height:10px\" aria-hidden=\"true\" class=\"wp-block-spacer\"><\/div>\n\n\n\n<div class=\"wp-block-image\"><figure class=\"aligncenter size-full\"><img loading=\"lazy\" decoding=\"async\" width=\"979\" height=\"292\" src=\"https:\/\/www.everpharma.com\/ger\/wp-content\/uploads\/sites\/4\/2021\/09\/51.post_20210126_online-Banner_post_470x140_dgP-Parkinson-Kongress.png\" alt=\"\" class=\"wp-image-1278\" srcset=\"https:\/\/www.everpharma.com\/ger\/wp-content\/uploads\/sites\/4\/2021\/09\/51.post_20210126_online-Banner_post_470x140_dgP-Parkinson-Kongress.png 979w, https:\/\/www.everpharma.com\/ger\/wp-content\/uploads\/sites\/4\/2021\/09\/51.post_20210126_online-Banner_post_470x140_dgP-Parkinson-Kongress-300x89.png 300w, https:\/\/www.everpharma.com\/ger\/wp-content\/uploads\/sites\/4\/2021\/09\/51.post_20210126_online-Banner_post_470x140_dgP-Parkinson-Kongress-768x229.png 768w\" sizes=\"auto, (max-width: 979px) 100vw, 979px\" \/><\/figure><\/div>\n\n\n\n<div style=\"height:100px\" aria-hidden=\"true\" class=\"wp-block-spacer\"><\/div>\n","protected":false},"excerpt":{"rendered":"<p>Highlights digital! EVER Pharma GmbH, Ihr Pharmaspezialist im Bereich Neurologie, l\u00e4dt Sie herzlich zum Symposium: \u201eAPOMORPHIN THERAPIE 2021 \u2013 NEU DENKEN\u201c am 04. M\u00e4rz 2021 zwischen 19:00 \u2013 20:00 Uhr ein. Informieren Sie sich im Rahmen des Deutschen Kongresses f\u00fcr Parkinson und Bewegungsst\u00f6rungen \u00fcber patientenorientierte Therapieoptionen.<\/p>\n","protected":false},"author":2,"featured_media":0,"comment_status":"closed","ping_status":"closed","sticky":false,"template":"","format":"standard","meta":{"_acf_changed":false,"footnotes":""},"categories":[1],"tags":[],"class_list":["post-1277","post","type-post","status-publish","format-standard","hentry","category-press-release"],"yoast_head":"<!-- This site is optimized with the Yoast SEO plugin v27.4 - https:\/\/yoast.com\/product\/yoast-seo-wordpress\/ -->\n<title>Kongress Parkinson Symposium online \u2013 Save the Date - EVER Pharma Germany<\/title>\n<meta name=\"robots\" content=\"index, follow, max-snippet:-1, max-image-preview:large, max-video-preview:-1\" \/>\n<link rel=\"canonical\" href=\"https:\/\/www.everpharma.com\/ger\/kongress-parkinson-symposium-online-save-the-date\/\" \/>\n<meta property=\"og:locale\" content=\"de_DE\" \/>\n<meta property=\"og:type\" content=\"article\" \/>\n<meta property=\"og:title\" content=\"Kongress Parkinson Symposium online \u2013 Save the Date - EVER Pharma Germany\" \/>\n<meta property=\"og:description\" content=\"Highlights digital! EVER Pharma GmbH, Ihr Pharmaspezialist im Bereich Neurologie, l\u00e4dt Sie herzlich zum Symposium: \u201eAPOMORPHIN THERAPIE 2021 \u2013 NEU DENKEN\u201c am 04. M\u00e4rz 2021 zwischen 19:00 \u2013 20:00 Uhr ein. Informieren Sie sich im Rahmen des Deutschen Kongresses f\u00fcr Parkinson und Bewegungsst\u00f6rungen \u00fcber patientenorientierte Therapieoptionen.\" \/>\n<meta property=\"og:url\" content=\"https:\/\/www.everpharma.com\/ger\/kongress-parkinson-symposium-online-save-the-date\/\" \/>\n<meta property=\"og:site_name\" content=\"EVER Pharma Germany\" \/>\n<meta property=\"article:published_time\" content=\"2021-02-17T15:01:00+00:00\" \/>\n<meta property=\"article:modified_time\" content=\"2021-09-05T15:02:21+00:00\" \/>\n<meta property=\"og:image\" content=\"https:\/\/www.everpharma.com\/ger\/wp-content\/uploads\/sites\/4\/2021\/09\/51.post_20210126_online-Banner_post_470x140_dgP-Parkinson-Kongress.png\" \/>\n<meta name=\"author\" content=\"Magdalena\" \/>\n<meta name=\"twitter:card\" content=\"summary_large_image\" \/>\n<meta name=\"twitter:label1\" content=\"Verfasst von\" \/>\n\t<meta name=\"twitter:data1\" content=\"Magdalena\" \/>\n<script type=\"application\/ld+json\" class=\"yoast-schema-graph\">{\"@context\":\"https:\\\/\\\/schema.org\",\"@graph\":[{\"@type\":\"Article\",\"@id\":\"https:\\\/\\\/www.everpharma.com\\\/ger\\\/kongress-parkinson-symposium-online-save-the-date\\\/#article\",\"isPartOf\":{\"@id\":\"https:\\\/\\\/www.everpharma.com\\\/ger\\\/kongress-parkinson-symposium-online-save-the-date\\\/\"},\"author\":{\"name\":\"Magdalena\",\"@id\":\"https:\\\/\\\/www.everpharma.com\\\/ger\\\/#\\\/schema\\\/person\\\/fddfefac0cbd5adf0a20c4e09a52cd65\"},\"headline\":\"Kongress Parkinson Symposium online \u2013 Save the Date\",\"datePublished\":\"2021-02-17T15:01:00+00:00\",\"dateModified\":\"2021-09-05T15:02:21+00:00\",\"mainEntityOfPage\":{\"@id\":\"https:\\\/\\\/www.everpharma.com\\\/ger\\\/kongress-parkinson-symposium-online-save-the-date\\\/\"},\"wordCount\":50,\"image\":{\"@id\":\"https:\\\/\\\/www.everpharma.com\\\/ger\\\/kongress-parkinson-symposium-online-save-the-date\\\/#primaryimage\"},\"thumbnailUrl\":\"https:\\\/\\\/www.everpharma.com\\\/ger\\\/wp-content\\\/uploads\\\/sites\\\/4\\\/2021\\\/09\\\/51.post_20210126_online-Banner_post_470x140_dgP-Parkinson-Kongress.png\",\"articleSection\":[\"Press Release\"],\"inLanguage\":\"de\"},{\"@type\":\"WebPage\",\"@id\":\"https:\\\/\\\/www.everpharma.com\\\/ger\\\/kongress-parkinson-symposium-online-save-the-date\\\/\",\"url\":\"https:\\\/\\\/www.everpharma.com\\\/ger\\\/kongress-parkinson-symposium-online-save-the-date\\\/\",\"name\":\"Kongress Parkinson Symposium online \u2013 Save the Date - EVER Pharma Germany\",\"isPartOf\":{\"@id\":\"https:\\\/\\\/www.everpharma.com\\\/ger\\\/#website\"},\"primaryImageOfPage\":{\"@id\":\"https:\\\/\\\/www.everpharma.com\\\/ger\\\/kongress-parkinson-symposium-online-save-the-date\\\/#primaryimage\"},\"image\":{\"@id\":\"https:\\\/\\\/www.everpharma.com\\\/ger\\\/kongress-parkinson-symposium-online-save-the-date\\\/#primaryimage\"},\"thumbnailUrl\":\"https:\\\/\\\/www.everpharma.com\\\/ger\\\/wp-content\\\/uploads\\\/sites\\\/4\\\/2021\\\/09\\\/51.post_20210126_online-Banner_post_470x140_dgP-Parkinson-Kongress.png\",\"datePublished\":\"2021-02-17T15:01:00+00:00\",\"dateModified\":\"2021-09-05T15:02:21+00:00\",\"author\":{\"@id\":\"https:\\\/\\\/www.everpharma.com\\\/ger\\\/#\\\/schema\\\/person\\\/fddfefac0cbd5adf0a20c4e09a52cd65\"},\"breadcrumb\":{\"@id\":\"https:\\\/\\\/www.everpharma.com\\\/ger\\\/kongress-parkinson-symposium-online-save-the-date\\\/#breadcrumb\"},\"inLanguage\":\"de\",\"potentialAction\":[{\"@type\":\"ReadAction\",\"target\":[\"https:\\\/\\\/www.everpharma.com\\\/ger\\\/kongress-parkinson-symposium-online-save-the-date\\\/\"]}]},{\"@type\":\"ImageObject\",\"inLanguage\":\"de\",\"@id\":\"https:\\\/\\\/www.everpharma.com\\\/ger\\\/kongress-parkinson-symposium-online-save-the-date\\\/#primaryimage\",\"url\":\"https:\\\/\\\/www.everpharma.com\\\/ger\\\/wp-content\\\/uploads\\\/sites\\\/4\\\/2021\\\/09\\\/51.post_20210126_online-Banner_post_470x140_dgP-Parkinson-Kongress.png\",\"contentUrl\":\"https:\\\/\\\/www.everpharma.com\\\/ger\\\/wp-content\\\/uploads\\\/sites\\\/4\\\/2021\\\/09\\\/51.post_20210126_online-Banner_post_470x140_dgP-Parkinson-Kongress.png\",\"width\":979,\"height\":292},{\"@type\":\"BreadcrumbList\",\"@id\":\"https:\\\/\\\/www.everpharma.com\\\/ger\\\/kongress-parkinson-symposium-online-save-the-date\\\/#breadcrumb\",\"itemListElement\":[{\"@type\":\"ListItem\",\"position\":1,\"name\":\"Startseite\",\"item\":\"https:\\\/\\\/www.everpharma.com\\\/ger\\\/\"},{\"@type\":\"ListItem\",\"position\":2,\"name\":\"Kongress Parkinson Symposium online \u2013 Save the Date\"}]},{\"@type\":\"WebSite\",\"@id\":\"https:\\\/\\\/www.everpharma.com\\\/ger\\\/#website\",\"url\":\"https:\\\/\\\/www.everpharma.com\\\/ger\\\/\",\"name\":\"EVER Pharma Germany\",\"description\":\"Der Gesundheit verpflichtet.\",\"potentialAction\":[{\"@type\":\"SearchAction\",\"target\":{\"@type\":\"EntryPoint\",\"urlTemplate\":\"https:\\\/\\\/www.everpharma.com\\\/ger\\\/?s={search_term_string}\"},\"query-input\":{\"@type\":\"PropertyValueSpecification\",\"valueRequired\":true,\"valueName\":\"search_term_string\"}}],\"inLanguage\":\"de\"},{\"@type\":\"Person\",\"@id\":\"https:\\\/\\\/www.everpharma.com\\\/ger\\\/#\\\/schema\\\/person\\\/fddfefac0cbd5adf0a20c4e09a52cd65\",\"name\":\"Magdalena\",\"sameAs\":[\"https:\\\/\\\/everpharma.com\"],\"url\":\"https:\\\/\\\/www.everpharma.com\\\/ger\\\/author\\\/mschmitzberger\\\/\"}]}<\/script>\n<!-- \/ Yoast SEO plugin. -->","yoast_head_json":{"title":"Kongress Parkinson Symposium online \u2013 Save the Date - EVER Pharma Germany","robots":{"index":"index","follow":"follow","max-snippet":"max-snippet:-1","max-image-preview":"max-image-preview:large","max-video-preview":"max-video-preview:-1"},"canonical":"https:\/\/www.everpharma.com\/ger\/kongress-parkinson-symposium-online-save-the-date\/","og_locale":"de_DE","og_type":"article","og_title":"Kongress Parkinson Symposium online \u2013 Save the Date - EVER Pharma Germany","og_description":"Highlights digital! EVER Pharma GmbH, Ihr Pharmaspezialist im Bereich Neurologie, l\u00e4dt Sie herzlich zum Symposium: \u201eAPOMORPHIN THERAPIE 2021 \u2013 NEU DENKEN\u201c am 04. M\u00e4rz 2021 zwischen 19:00 \u2013 20:00 Uhr ein. Informieren Sie sich im Rahmen des Deutschen Kongresses f\u00fcr Parkinson und Bewegungsst\u00f6rungen \u00fcber patientenorientierte Therapieoptionen.","og_url":"https:\/\/www.everpharma.com\/ger\/kongress-parkinson-symposium-online-save-the-date\/","og_site_name":"EVER Pharma Germany","article_published_time":"2021-02-17T15:01:00+00:00","article_modified_time":"2021-09-05T15:02:21+00:00","og_image":[{"url":"https:\/\/www.everpharma.com\/ger\/wp-content\/uploads\/sites\/4\/2021\/09\/51.post_20210126_online-Banner_post_470x140_dgP-Parkinson-Kongress.png","type":"","width":"","height":""}],"author":"Magdalena","twitter_card":"summary_large_image","twitter_misc":{"Verfasst von":"Magdalena"},"schema":{"@context":"https:\/\/schema.org","@graph":[{"@type":"Article","@id":"https:\/\/www.everpharma.com\/ger\/kongress-parkinson-symposium-online-save-the-date\/#article","isPartOf":{"@id":"https:\/\/www.everpharma.com\/ger\/kongress-parkinson-symposium-online-save-the-date\/"},"author":{"name":"Magdalena","@id":"https:\/\/www.everpharma.com\/ger\/#\/schema\/person\/fddfefac0cbd5adf0a20c4e09a52cd65"},"headline":"Kongress Parkinson Symposium online \u2013 Save the Date","datePublished":"2021-02-17T15:01:00+00:00","dateModified":"2021-09-05T15:02:21+00:00","mainEntityOfPage":{"@id":"https:\/\/www.everpharma.com\/ger\/kongress-parkinson-symposium-online-save-the-date\/"},"wordCount":50,"image":{"@id":"https:\/\/www.everpharma.com\/ger\/kongress-parkinson-symposium-online-save-the-date\/#primaryimage"},"thumbnailUrl":"https:\/\/www.everpharma.com\/ger\/wp-content\/uploads\/sites\/4\/2021\/09\/51.post_20210126_online-Banner_post_470x140_dgP-Parkinson-Kongress.png","articleSection":["Press Release"],"inLanguage":"de"},{"@type":"WebPage","@id":"https:\/\/www.everpharma.com\/ger\/kongress-parkinson-symposium-online-save-the-date\/","url":"https:\/\/www.everpharma.com\/ger\/kongress-parkinson-symposium-online-save-the-date\/","name":"Kongress Parkinson Symposium online \u2013 Save the Date - EVER Pharma Germany","isPartOf":{"@id":"https:\/\/www.everpharma.com\/ger\/#website"},"primaryImageOfPage":{"@id":"https:\/\/www.everpharma.com\/ger\/kongress-parkinson-symposium-online-save-the-date\/#primaryimage"},"image":{"@id":"https:\/\/www.everpharma.com\/ger\/kongress-parkinson-symposium-online-save-the-date\/#primaryimage"},"thumbnailUrl":"https:\/\/www.everpharma.com\/ger\/wp-content\/uploads\/sites\/4\/2021\/09\/51.post_20210126_online-Banner_post_470x140_dgP-Parkinson-Kongress.png","datePublished":"2021-02-17T15:01:00+00:00","dateModified":"2021-09-05T15:02:21+00:00","author":{"@id":"https:\/\/www.everpharma.com\/ger\/#\/schema\/person\/fddfefac0cbd5adf0a20c4e09a52cd65"},"breadcrumb":{"@id":"https:\/\/www.everpharma.com\/ger\/kongress-parkinson-symposium-online-save-the-date\/#breadcrumb"},"inLanguage":"de","potentialAction":[{"@type":"ReadAction","target":["https:\/\/www.everpharma.com\/ger\/kongress-parkinson-symposium-online-save-the-date\/"]}]},{"@type":"ImageObject","inLanguage":"de","@id":"https:\/\/www.everpharma.com\/ger\/kongress-parkinson-symposium-online-save-the-date\/#primaryimage","url":"https:\/\/www.everpharma.com\/ger\/wp-content\/uploads\/sites\/4\/2021\/09\/51.post_20210126_online-Banner_post_470x140_dgP-Parkinson-Kongress.png","contentUrl":"https:\/\/www.everpharma.com\/ger\/wp-content\/uploads\/sites\/4\/2021\/09\/51.post_20210126_online-Banner_post_470x140_dgP-Parkinson-Kongress.png","width":979,"height":292},{"@type":"BreadcrumbList","@id":"https:\/\/www.everpharma.com\/ger\/kongress-parkinson-symposium-online-save-the-date\/#breadcrumb","itemListElement":[{"@type":"ListItem","position":1,"name":"Startseite","item":"https:\/\/www.everpharma.com\/ger\/"},{"@type":"ListItem","position":2,"name":"Kongress Parkinson Symposium online \u2013 Save the Date"}]},{"@type":"WebSite","@id":"https:\/\/www.everpharma.com\/ger\/#website","url":"https:\/\/www.everpharma.com\/ger\/","name":"EVER Pharma Germany","description":"Der Gesundheit verpflichtet.","potentialAction":[{"@type":"SearchAction","target":{"@type":"EntryPoint","urlTemplate":"https:\/\/www.everpharma.com\/ger\/?s={search_term_string}"},"query-input":{"@type":"PropertyValueSpecification","valueRequired":true,"valueName":"search_term_string"}}],"inLanguage":"de"},{"@type":"Person","@id":"https:\/\/www.everpharma.com\/ger\/#\/schema\/person\/fddfefac0cbd5adf0a20c4e09a52cd65","name":"Magdalena","sameAs":["https:\/\/everpharma.com"],"url":"https:\/\/www.everpharma.com\/ger\/author\/mschmitzberger\/"}]}},"acf":[],"_links":{"self":[{"href":"https:\/\/www.everpharma.com\/ger\/wp-json\/wp\/v2\/posts\/1277","targetHints":{"allow":["GET"]}}],"collection":[{"href":"https:\/\/www.everpharma.com\/ger\/wp-json\/wp\/v2\/posts"}],"about":[{"href":"https:\/\/www.everpharma.com\/ger\/wp-json\/wp\/v2\/types\/post"}],"author":[{"embeddable":true,"href":"https:\/\/www.everpharma.com\/ger\/wp-json\/wp\/v2\/users\/2"}],"replies":[{"embeddable":true,"href":"https:\/\/www.everpharma.com\/ger\/wp-json\/wp\/v2\/comments?post=1277"}],"version-history":[{"count":1,"href":"https:\/\/www.everpharma.com\/ger\/wp-json\/wp\/v2\/posts\/1277\/revisions"}],"predecessor-version":[{"id":1279,"href":"https:\/\/www.everpharma.com\/ger\/wp-json\/wp\/v2\/posts\/1277\/revisions\/1279"}],"wp:attachment":[{"href":"https:\/\/www.everpharma.com\/ger\/wp-json\/wp\/v2\/media?parent=1277"}],"wp:term":[{"taxonomy":"category","embeddable":true,"href":"https:\/\/www.everpharma.com\/ger\/wp-json\/wp\/v2\/categories?post=1277"},{"taxonomy":"post_tag","embeddable":true,"href":"https:\/\/www.everpharma.com\/ger\/wp-json\/wp\/v2\/tags?post=1277"}],"curies":[{"name":"wp","href":"https:\/\/api.w.org\/{rel}","templated":true}]}}