{"id":1271,"date":"2021-03-04T17:00:00","date_gmt":"2021-03-04T15:00:00","guid":{"rendered":"https:\/\/www.everpharma.com\/ger\/?p=1271"},"modified":"2021-09-05T17:00:53","modified_gmt":"2021-09-05T15:00:53","slug":"verstaerkte-analgesie-durch-synergistische-effekte","status":"publish","type":"post","link":"https:\/\/www.everpharma.com\/ger\/verstaerkte-analgesie-durch-synergistische-effekte\/","title":{"rendered":"Verst\u00e4rkte Analgesie durch synergistische Effekte"},"content":{"rendered":"\n<p>Kennen Sie schon Deutschlands erste patentierte Fixkombination aus den beiden bew\u00e4hrten analgetischen Wirkstoffen Paracetamol 500 mg und Ibuprofen 150 mg mit nachweislich schneller und wirksamer Schmerzlinderung? EVER Pharma GmbH setzt mit seinem neuen verschreibungspflichtigen Nichtopioid-Analgetikum zur kurzzeitigen Behandlung von leichten bis m\u00e4\u00dfig starken Schmerzen wie z. B. R\u00fccken-, Gelenk-, Kopf-, Glieder- sowie postoperativen Schmerzen, neue Ma\u00dfst\u00e4be in der Akutschmerztherapie.<\/p>\n\n\n\n<div style=\"height:10px\" aria-hidden=\"true\" class=\"wp-block-spacer\"><\/div>\n\n\n\n<div class=\"wp-block-image\"><figure class=\"aligncenter size-full\"><img loading=\"lazy\" decoding=\"async\" width=\"979\" height=\"292\" src=\"https:\/\/www.everpharma.com\/ger\/wp-content\/uploads\/sites\/4\/2021\/09\/53.post_20210303_online-Banner_post_470x140_DUOVAL_Indikationen.png\" alt=\"\" class=\"wp-image-1272\" srcset=\"https:\/\/www.everpharma.com\/ger\/wp-content\/uploads\/sites\/4\/2021\/09\/53.post_20210303_online-Banner_post_470x140_DUOVAL_Indikationen.png 979w, https:\/\/www.everpharma.com\/ger\/wp-content\/uploads\/sites\/4\/2021\/09\/53.post_20210303_online-Banner_post_470x140_DUOVAL_Indikationen-300x89.png 300w, https:\/\/www.everpharma.com\/ger\/wp-content\/uploads\/sites\/4\/2021\/09\/53.post_20210303_online-Banner_post_470x140_DUOVAL_Indikationen-768x229.png 768w\" sizes=\"auto, (max-width: 979px) 100vw, 979px\" \/><\/figure><\/div>\n\n\n\n<div style=\"height:100px\" aria-hidden=\"true\" class=\"wp-block-spacer\"><\/div>\n","protected":false},"excerpt":{"rendered":"<p>Kennen Sie schon Deutschlands erste patentierte Fixkombination aus den beiden bew\u00e4hrten analgetischen Wirkstoffen Paracetamol 500 mg und Ibuprofen 150 mg mit nachweislich schneller und wirksamer Schmerzlinderung? EVER Pharma GmbH setzt mit seinem neuen verschreibungspflichtigen Nichtopioid-Analgetikum zur kurzzeitigen Behandlung von leichten bis m\u00e4\u00dfig starken Schmerzen wie z. B. R\u00fccken-, Gelenk-, Kopf-, Glieder- sowie postoperativen Schmerzen, neue &hellip; <a href=\"https:\/\/www.everpharma.com\/ger\/verstaerkte-analgesie-durch-synergistische-effekte\/\">Continued<\/a><\/p>\n","protected":false},"author":2,"featured_media":0,"comment_status":"closed","ping_status":"closed","sticky":false,"template":"","format":"standard","meta":{"_acf_changed":false,"footnotes":""},"categories":[1],"tags":[],"class_list":["post-1271","post","type-post","status-publish","format-standard","hentry","category-press-release"],"yoast_head":"<!-- This site is optimized with the Yoast SEO plugin v27.4 - https:\/\/yoast.com\/product\/yoast-seo-wordpress\/ -->\n<title>Verst\u00e4rkte Analgesie durch synergistische Effekte - EVER Pharma Germany<\/title>\n<meta name=\"robots\" content=\"index, follow, max-snippet:-1, max-image-preview:large, max-video-preview:-1\" \/>\n<link rel=\"canonical\" href=\"https:\/\/www.everpharma.com\/ger\/verstaerkte-analgesie-durch-synergistische-effekte\/\" \/>\n<meta property=\"og:locale\" content=\"de_DE\" \/>\n<meta property=\"og:type\" content=\"article\" \/>\n<meta property=\"og:title\" content=\"Verst\u00e4rkte Analgesie durch synergistische Effekte - EVER Pharma Germany\" \/>\n<meta property=\"og:description\" content=\"Kennen Sie schon Deutschlands erste patentierte Fixkombination aus den beiden bew\u00e4hrten analgetischen Wirkstoffen Paracetamol 500 mg und Ibuprofen 150 mg mit nachweislich schneller und wirksamer Schmerzlinderung? EVER Pharma GmbH setzt mit seinem neuen verschreibungspflichtigen Nichtopioid-Analgetikum zur kurzzeitigen Behandlung von leichten bis m\u00e4\u00dfig starken Schmerzen wie z. B. R\u00fccken-, Gelenk-, Kopf-, Glieder- sowie postoperativen Schmerzen, neue &hellip; Continued\" \/>\n<meta property=\"og:url\" content=\"https:\/\/www.everpharma.com\/ger\/verstaerkte-analgesie-durch-synergistische-effekte\/\" \/>\n<meta property=\"og:site_name\" content=\"EVER Pharma Germany\" \/>\n<meta property=\"article:published_time\" content=\"2021-03-04T15:00:00+00:00\" \/>\n<meta property=\"article:modified_time\" content=\"2021-09-05T15:00:53+00:00\" \/>\n<meta property=\"og:image\" content=\"https:\/\/www.everpharma.com\/ger\/wp-content\/uploads\/sites\/4\/2021\/09\/53.post_20210303_online-Banner_post_470x140_DUOVAL_Indikationen.png\" \/>\n<meta name=\"author\" content=\"Magdalena\" \/>\n<meta name=\"twitter:card\" content=\"summary_large_image\" \/>\n<meta name=\"twitter:label1\" content=\"Verfasst von\" \/>\n\t<meta name=\"twitter:data1\" content=\"Magdalena\" \/>\n<script type=\"application\/ld+json\" class=\"yoast-schema-graph\">{\"@context\":\"https:\\\/\\\/schema.org\",\"@graph\":[{\"@type\":\"Article\",\"@id\":\"https:\\\/\\\/www.everpharma.com\\\/ger\\\/verstaerkte-analgesie-durch-synergistische-effekte\\\/#article\",\"isPartOf\":{\"@id\":\"https:\\\/\\\/www.everpharma.com\\\/ger\\\/verstaerkte-analgesie-durch-synergistische-effekte\\\/\"},\"author\":{\"name\":\"Magdalena\",\"@id\":\"https:\\\/\\\/www.everpharma.com\\\/ger\\\/#\\\/schema\\\/person\\\/fddfefac0cbd5adf0a20c4e09a52cd65\"},\"headline\":\"Verst\u00e4rkte Analgesie durch synergistische Effekte\",\"datePublished\":\"2021-03-04T15:00:00+00:00\",\"dateModified\":\"2021-09-05T15:00:53+00:00\",\"mainEntityOfPage\":{\"@id\":\"https:\\\/\\\/www.everpharma.com\\\/ger\\\/verstaerkte-analgesie-durch-synergistische-effekte\\\/\"},\"wordCount\":68,\"image\":{\"@id\":\"https:\\\/\\\/www.everpharma.com\\\/ger\\\/verstaerkte-analgesie-durch-synergistische-effekte\\\/#primaryimage\"},\"thumbnailUrl\":\"https:\\\/\\\/www.everpharma.com\\\/ger\\\/wp-content\\\/uploads\\\/sites\\\/4\\\/2021\\\/09\\\/53.post_20210303_online-Banner_post_470x140_DUOVAL_Indikationen.png\",\"articleSection\":[\"Press Release\"],\"inLanguage\":\"de\"},{\"@type\":\"WebPage\",\"@id\":\"https:\\\/\\\/www.everpharma.com\\\/ger\\\/verstaerkte-analgesie-durch-synergistische-effekte\\\/\",\"url\":\"https:\\\/\\\/www.everpharma.com\\\/ger\\\/verstaerkte-analgesie-durch-synergistische-effekte\\\/\",\"name\":\"Verst\u00e4rkte Analgesie durch synergistische Effekte - EVER Pharma Germany\",\"isPartOf\":{\"@id\":\"https:\\\/\\\/www.everpharma.com\\\/ger\\\/#website\"},\"primaryImageOfPage\":{\"@id\":\"https:\\\/\\\/www.everpharma.com\\\/ger\\\/verstaerkte-analgesie-durch-synergistische-effekte\\\/#primaryimage\"},\"image\":{\"@id\":\"https:\\\/\\\/www.everpharma.com\\\/ger\\\/verstaerkte-analgesie-durch-synergistische-effekte\\\/#primaryimage\"},\"thumbnailUrl\":\"https:\\\/\\\/www.everpharma.com\\\/ger\\\/wp-content\\\/uploads\\\/sites\\\/4\\\/2021\\\/09\\\/53.post_20210303_online-Banner_post_470x140_DUOVAL_Indikationen.png\",\"datePublished\":\"2021-03-04T15:00:00+00:00\",\"dateModified\":\"2021-09-05T15:00:53+00:00\",\"author\":{\"@id\":\"https:\\\/\\\/www.everpharma.com\\\/ger\\\/#\\\/schema\\\/person\\\/fddfefac0cbd5adf0a20c4e09a52cd65\"},\"breadcrumb\":{\"@id\":\"https:\\\/\\\/www.everpharma.com\\\/ger\\\/verstaerkte-analgesie-durch-synergistische-effekte\\\/#breadcrumb\"},\"inLanguage\":\"de\",\"potentialAction\":[{\"@type\":\"ReadAction\",\"target\":[\"https:\\\/\\\/www.everpharma.com\\\/ger\\\/verstaerkte-analgesie-durch-synergistische-effekte\\\/\"]}]},{\"@type\":\"ImageObject\",\"inLanguage\":\"de\",\"@id\":\"https:\\\/\\\/www.everpharma.com\\\/ger\\\/verstaerkte-analgesie-durch-synergistische-effekte\\\/#primaryimage\",\"url\":\"https:\\\/\\\/www.everpharma.com\\\/ger\\\/wp-content\\\/uploads\\\/sites\\\/4\\\/2021\\\/09\\\/53.post_20210303_online-Banner_post_470x140_DUOVAL_Indikationen.png\",\"contentUrl\":\"https:\\\/\\\/www.everpharma.com\\\/ger\\\/wp-content\\\/uploads\\\/sites\\\/4\\\/2021\\\/09\\\/53.post_20210303_online-Banner_post_470x140_DUOVAL_Indikationen.png\",\"width\":979,\"height\":292},{\"@type\":\"BreadcrumbList\",\"@id\":\"https:\\\/\\\/www.everpharma.com\\\/ger\\\/verstaerkte-analgesie-durch-synergistische-effekte\\\/#breadcrumb\",\"itemListElement\":[{\"@type\":\"ListItem\",\"position\":1,\"name\":\"Startseite\",\"item\":\"https:\\\/\\\/www.everpharma.com\\\/ger\\\/\"},{\"@type\":\"ListItem\",\"position\":2,\"name\":\"Verst\u00e4rkte Analgesie durch synergistische Effekte\"}]},{\"@type\":\"WebSite\",\"@id\":\"https:\\\/\\\/www.everpharma.com\\\/ger\\\/#website\",\"url\":\"https:\\\/\\\/www.everpharma.com\\\/ger\\\/\",\"name\":\"EVER Pharma Germany\",\"description\":\"Der Gesundheit verpflichtet.\",\"potentialAction\":[{\"@type\":\"SearchAction\",\"target\":{\"@type\":\"EntryPoint\",\"urlTemplate\":\"https:\\\/\\\/www.everpharma.com\\\/ger\\\/?s={search_term_string}\"},\"query-input\":{\"@type\":\"PropertyValueSpecification\",\"valueRequired\":true,\"valueName\":\"search_term_string\"}}],\"inLanguage\":\"de\"},{\"@type\":\"Person\",\"@id\":\"https:\\\/\\\/www.everpharma.com\\\/ger\\\/#\\\/schema\\\/person\\\/fddfefac0cbd5adf0a20c4e09a52cd65\",\"name\":\"Magdalena\",\"sameAs\":[\"https:\\\/\\\/everpharma.com\"],\"url\":\"https:\\\/\\\/www.everpharma.com\\\/ger\\\/author\\\/mschmitzberger\\\/\"}]}<\/script>\n<!-- \/ Yoast SEO plugin. -->","yoast_head_json":{"title":"Verst\u00e4rkte Analgesie durch synergistische Effekte - EVER Pharma Germany","robots":{"index":"index","follow":"follow","max-snippet":"max-snippet:-1","max-image-preview":"max-image-preview:large","max-video-preview":"max-video-preview:-1"},"canonical":"https:\/\/www.everpharma.com\/ger\/verstaerkte-analgesie-durch-synergistische-effekte\/","og_locale":"de_DE","og_type":"article","og_title":"Verst\u00e4rkte Analgesie durch synergistische Effekte - EVER Pharma Germany","og_description":"Kennen Sie schon Deutschlands erste patentierte Fixkombination aus den beiden bew\u00e4hrten analgetischen Wirkstoffen Paracetamol 500 mg und Ibuprofen 150 mg mit nachweislich schneller und wirksamer Schmerzlinderung? EVER Pharma GmbH setzt mit seinem neuen verschreibungspflichtigen Nichtopioid-Analgetikum zur kurzzeitigen Behandlung von leichten bis m\u00e4\u00dfig starken Schmerzen wie z. B. R\u00fccken-, Gelenk-, Kopf-, Glieder- sowie postoperativen Schmerzen, neue &hellip; Continued","og_url":"https:\/\/www.everpharma.com\/ger\/verstaerkte-analgesie-durch-synergistische-effekte\/","og_site_name":"EVER Pharma Germany","article_published_time":"2021-03-04T15:00:00+00:00","article_modified_time":"2021-09-05T15:00:53+00:00","og_image":[{"url":"https:\/\/www.everpharma.com\/ger\/wp-content\/uploads\/sites\/4\/2021\/09\/53.post_20210303_online-Banner_post_470x140_DUOVAL_Indikationen.png","type":"","width":"","height":""}],"author":"Magdalena","twitter_card":"summary_large_image","twitter_misc":{"Verfasst von":"Magdalena"},"schema":{"@context":"https:\/\/schema.org","@graph":[{"@type":"Article","@id":"https:\/\/www.everpharma.com\/ger\/verstaerkte-analgesie-durch-synergistische-effekte\/#article","isPartOf":{"@id":"https:\/\/www.everpharma.com\/ger\/verstaerkte-analgesie-durch-synergistische-effekte\/"},"author":{"name":"Magdalena","@id":"https:\/\/www.everpharma.com\/ger\/#\/schema\/person\/fddfefac0cbd5adf0a20c4e09a52cd65"},"headline":"Verst\u00e4rkte Analgesie durch synergistische Effekte","datePublished":"2021-03-04T15:00:00+00:00","dateModified":"2021-09-05T15:00:53+00:00","mainEntityOfPage":{"@id":"https:\/\/www.everpharma.com\/ger\/verstaerkte-analgesie-durch-synergistische-effekte\/"},"wordCount":68,"image":{"@id":"https:\/\/www.everpharma.com\/ger\/verstaerkte-analgesie-durch-synergistische-effekte\/#primaryimage"},"thumbnailUrl":"https:\/\/www.everpharma.com\/ger\/wp-content\/uploads\/sites\/4\/2021\/09\/53.post_20210303_online-Banner_post_470x140_DUOVAL_Indikationen.png","articleSection":["Press Release"],"inLanguage":"de"},{"@type":"WebPage","@id":"https:\/\/www.everpharma.com\/ger\/verstaerkte-analgesie-durch-synergistische-effekte\/","url":"https:\/\/www.everpharma.com\/ger\/verstaerkte-analgesie-durch-synergistische-effekte\/","name":"Verst\u00e4rkte Analgesie durch synergistische Effekte - EVER Pharma Germany","isPartOf":{"@id":"https:\/\/www.everpharma.com\/ger\/#website"},"primaryImageOfPage":{"@id":"https:\/\/www.everpharma.com\/ger\/verstaerkte-analgesie-durch-synergistische-effekte\/#primaryimage"},"image":{"@id":"https:\/\/www.everpharma.com\/ger\/verstaerkte-analgesie-durch-synergistische-effekte\/#primaryimage"},"thumbnailUrl":"https:\/\/www.everpharma.com\/ger\/wp-content\/uploads\/sites\/4\/2021\/09\/53.post_20210303_online-Banner_post_470x140_DUOVAL_Indikationen.png","datePublished":"2021-03-04T15:00:00+00:00","dateModified":"2021-09-05T15:00:53+00:00","author":{"@id":"https:\/\/www.everpharma.com\/ger\/#\/schema\/person\/fddfefac0cbd5adf0a20c4e09a52cd65"},"breadcrumb":{"@id":"https:\/\/www.everpharma.com\/ger\/verstaerkte-analgesie-durch-synergistische-effekte\/#breadcrumb"},"inLanguage":"de","potentialAction":[{"@type":"ReadAction","target":["https:\/\/www.everpharma.com\/ger\/verstaerkte-analgesie-durch-synergistische-effekte\/"]}]},{"@type":"ImageObject","inLanguage":"de","@id":"https:\/\/www.everpharma.com\/ger\/verstaerkte-analgesie-durch-synergistische-effekte\/#primaryimage","url":"https:\/\/www.everpharma.com\/ger\/wp-content\/uploads\/sites\/4\/2021\/09\/53.post_20210303_online-Banner_post_470x140_DUOVAL_Indikationen.png","contentUrl":"https:\/\/www.everpharma.com\/ger\/wp-content\/uploads\/sites\/4\/2021\/09\/53.post_20210303_online-Banner_post_470x140_DUOVAL_Indikationen.png","width":979,"height":292},{"@type":"BreadcrumbList","@id":"https:\/\/www.everpharma.com\/ger\/verstaerkte-analgesie-durch-synergistische-effekte\/#breadcrumb","itemListElement":[{"@type":"ListItem","position":1,"name":"Startseite","item":"https:\/\/www.everpharma.com\/ger\/"},{"@type":"ListItem","position":2,"name":"Verst\u00e4rkte Analgesie durch synergistische Effekte"}]},{"@type":"WebSite","@id":"https:\/\/www.everpharma.com\/ger\/#website","url":"https:\/\/www.everpharma.com\/ger\/","name":"EVER Pharma Germany","description":"Der Gesundheit verpflichtet.","potentialAction":[{"@type":"SearchAction","target":{"@type":"EntryPoint","urlTemplate":"https:\/\/www.everpharma.com\/ger\/?s={search_term_string}"},"query-input":{"@type":"PropertyValueSpecification","valueRequired":true,"valueName":"search_term_string"}}],"inLanguage":"de"},{"@type":"Person","@id":"https:\/\/www.everpharma.com\/ger\/#\/schema\/person\/fddfefac0cbd5adf0a20c4e09a52cd65","name":"Magdalena","sameAs":["https:\/\/everpharma.com"],"url":"https:\/\/www.everpharma.com\/ger\/author\/mschmitzberger\/"}]}},"acf":[],"_links":{"self":[{"href":"https:\/\/www.everpharma.com\/ger\/wp-json\/wp\/v2\/posts\/1271","targetHints":{"allow":["GET"]}}],"collection":[{"href":"https:\/\/www.everpharma.com\/ger\/wp-json\/wp\/v2\/posts"}],"about":[{"href":"https:\/\/www.everpharma.com\/ger\/wp-json\/wp\/v2\/types\/post"}],"author":[{"embeddable":true,"href":"https:\/\/www.everpharma.com\/ger\/wp-json\/wp\/v2\/users\/2"}],"replies":[{"embeddable":true,"href":"https:\/\/www.everpharma.com\/ger\/wp-json\/wp\/v2\/comments?post=1271"}],"version-history":[{"count":1,"href":"https:\/\/www.everpharma.com\/ger\/wp-json\/wp\/v2\/posts\/1271\/revisions"}],"predecessor-version":[{"id":1273,"href":"https:\/\/www.everpharma.com\/ger\/wp-json\/wp\/v2\/posts\/1271\/revisions\/1273"}],"wp:attachment":[{"href":"https:\/\/www.everpharma.com\/ger\/wp-json\/wp\/v2\/media?parent=1271"}],"wp:term":[{"taxonomy":"category","embeddable":true,"href":"https:\/\/www.everpharma.com\/ger\/wp-json\/wp\/v2\/categories?post=1271"},{"taxonomy":"post_tag","embeddable":true,"href":"https:\/\/www.everpharma.com\/ger\/wp-json\/wp\/v2\/tags?post=1271"}],"curies":[{"name":"wp","href":"https:\/\/api.w.org\/{rel}","templated":true}]}}